{"id":38172,"date":"2026-09-01T16:49:17","date_gmt":"2026-09-01T14:49:17","guid":{"rendered":"https:\/\/www.alliancerotterdam.nl\/cest-la-rentree\/"},"modified":"2026-09-01T17:05:49","modified_gmt":"2026-09-01T15:05:49","slug":"cest-la-rentree","status":"publish","type":"post","link":"https:\/\/www.alliancerotterdam.nl\/nl\/cest-la-rentree\/","title":{"rendered":"C&#8217;est la rentr\u00e9e !"},"content":{"rendered":"\n<p class=\"wp-block-paragraph\">De Alliance Fran\u00e7aise in Rotterdam kijkt ernaar uit om jullie dit jaar weer te mogen verwelkomen!&#013;\n<\/p>\n\n<p class=\"wp-block-paragraph\"><p>Doe vanaf<strong> 7 september<\/strong> mee aan de &#8220;<a href=\"https:\/\/www.alliancerotterdam.nl\/nl\/product\/workshop-freshen-up-your-french\/\" target=\"_blank\" rel=\"noopener\" data-type=\"link\" data-id=\"https:\/\/www.alliancerotterdam.nl\/produit\/atelier-freshen-up-your-french\/\">Fresh up<\/a>&#8221; workshops &#8211; dynamische, interactieve en boeiende workshops om je Frans op te frissen voordat het nieuwe schooljaar begint.<\/p><\/p>\n\n<p class=\"wp-block-paragraph\"><p>Onze nieuwe sessie begint op <strong>21 september 2026<\/strong>: we blijven onze populaire avondgroepslessen aanbieden van niveau A1 tot C1, conversatielessen, lessen voor kinderen en priv\u00e9lessen voor alle niveaus.<\/p><\/p>\n\n<p class=\"wp-block-paragraph\">Bekijk ons nieuwe aanbod voor het begin van het schooljaar, waaronder intensieve cursussen voor de niveaus A1 en A2, Nederlandse lessen voor beginners en gevorderden, en een online platform speciaal voor het leren van Frans!<\/p>\n\n<p class=\"wp-block-paragraph\"><p>\u2192 <a href=\"https:\/\/www.alliancerotterdam.nl\/nl\/product\/groepslessen\/\" target=\"_blank\" rel=\"noopener\" data-type=\"link\" data-id=\"https:\/\/www.alliancerotterdam.nl\/produit\/cours-de-groupe\/\">Groeplessen<\/a>: vanaf 21 september, van A1 tot C1<\/p><\/p>\n\n<p class=\"wp-block-paragraph\"><p>\u2192 <a href=\"https:\/\/www.alliancerotterdam.nl\/nl\/product\/conversatiecursussen-frans\/\" target=\"_blank\" rel=\"noopener\" data-type=\"product\" data-id=\"26934\">Conversatiecursussen<\/a>: vanaf 21 september, van A1 tot B2<\/p><\/p>\n\n<p class=\"wp-block-paragraph\"><p>\u2192<a href=\"https:\/\/www.alliancerotterdam.nl\/nl\/product\/kindercursussen\/\" target=\"_blank\" rel=\"noopener\" data-type=\"product\" data-id=\"20016\"> Kindercursussen<\/a>: vanaf 15 september, van 3,5 jaar tot 13 jaar<\/p><\/p>\n\n<p class=\"wp-block-paragraph\"><p>\u2192 <a href=\"https:\/\/www.alliancerotterdam.nl\/nl\/product\/intensieve-courses\/\" target=\"_blank\" rel=\"noopener\" data-type=\"product\" data-id=\"37748\">Intensive cursussen<\/a>: vanaf 21 september, van A1 tot A2<\/p><\/p>\n\n<p class=\"wp-block-paragraph\"><p>\u2192 <a href=\"https:\/\/www.alliancerotterdam.nl\/nl\/product\/taalcursus-nederlands\/\" target=\"_blank\" rel=\"noopener\" data-type=\"product\" data-id=\"19856\">Cursussen nederlands<\/a>: vanaf 22 september, voor de niveaus A1 en B1<\/p><\/p>\n\n<p class=\"wp-block-paragraph\"><\/p>\n\n<p class=\"wp-block-paragraph\"><p>Voor vragen over uw niveau of uw inschrijving kunt u contact opnemen via het volgende e-mailadres: <a href=\"mailto:cursus@alliancerotterdam.nl\">cursus@alliancerotterdam.nl<\/a><\/p><\/p>\n\n<p class=\"wp-block-paragraph\"><\/p>\n\n<p class=\"wp-block-paragraph\">A bient\u00f4t \u00e0 l&#8217;Alliance Fran\u00e7aise Rotterdam !<\/p>\n","protected":false},"excerpt":{"rendered":"<p>Doe mee aan onze nieuwe cursusreeks die op 21 september van start gaat!<\/p>\n","protected":false},"author":2,"featured_media":37716,"comment_status":"closed","ping_status":"closed","sticky":false,"template":"","format":"standard","meta":{"_et_pb_use_builder":"","_et_pb_old_content":"","_et_gb_content_width":"","footnotes":""},"categories":[437],"tags":[],"class_list":["post-38172","post","type-post","status-publish","format-standard","has-post-thumbnail","hentry","category-une-nl"],"_links":{"self":[{"href":"https:\/\/www.alliancerotterdam.nl\/nl\/wp-json\/wp\/v2\/posts\/38172","targetHints":{"allow":["GET"]}}],"collection":[{"href":"https:\/\/www.alliancerotterdam.nl\/nl\/wp-json\/wp\/v2\/posts"}],"about":[{"href":"https:\/\/www.alliancerotterdam.nl\/nl\/wp-json\/wp\/v2\/types\/post"}],"author":[{"embeddable":true,"href":"https:\/\/www.alliancerotterdam.nl\/nl\/wp-json\/wp\/v2\/users\/2"}],"replies":[{"embeddable":true,"href":"https:\/\/www.alliancerotterdam.nl\/nl\/wp-json\/wp\/v2\/comments?post=38172"}],"version-history":[{"count":3,"href":"https:\/\/www.alliancerotterdam.nl\/nl\/wp-json\/wp\/v2\/posts\/38172\/revisions"}],"predecessor-version":[{"id":38175,"href":"https:\/\/www.alliancerotterdam.nl\/nl\/wp-json\/wp\/v2\/posts\/38172\/revisions\/38175"}],"wp:featuredmedia":[{"embeddable":true,"href":"https:\/\/www.alliancerotterdam.nl\/nl\/wp-json\/wp\/v2\/media\/37716"}],"wp:attachment":[{"href":"https:\/\/www.alliancerotterdam.nl\/nl\/wp-json\/wp\/v2\/media?parent=38172"}],"wp:term":[{"taxonomy":"category","embeddable":true,"href":"https:\/\/www.alliancerotterdam.nl\/nl\/wp-json\/wp\/v2\/categories?post=38172"},{"taxonomy":"post_tag","embeddable":true,"href":"https:\/\/www.alliancerotterdam.nl\/nl\/wp-json\/wp\/v2\/tags?post=38172"}],"curies":[{"name":"wp","href":"https:\/\/api.w.org\/{rel}","templated":true}]}}