{"id":18438,"global_id":"www.alliancerotterdam.nl\/nl\/?id=18438","global_id_lineage":["www.alliancerotterdam.nl\/nl\/?id=18438"],"author":"1","status":"publish","date":"2024-05-02 22:06:51","date_utc":"2024-05-02 20:06:51","modified":"2024-05-02 22:06:51","modified_utc":"2024-05-02 20:06:51","url":"https:\/\/www.alliancerotterdam.nl\/nl\/evennement\/le-monde-sans-fin-inauguration-officielle-official-opening\/","rest_url":"https:\/\/www.alliancerotterdam.nl\/nl\/wp-json\/tribe\/events\/v1\/events\/18438","title":"Le monde sans fin : Inauguration officielle \/ Official opening","description":"<h3 style=\"text-align: center\"><strong>Inauguration Officielle \/ Official Opening<\/strong><\/h3>\n<p>&nbsp;<\/p>\n<p style=\"text-align: center\">Venez d\u00e9couvrir l\u2019exposition <em>Le Monde sans fin<\/em>, consacr\u00e9e \u00e0 la bande dessin\u00e9e \u00e0 succ\u00e8s de Christophe Blain et<br \/>\nJean-Marc Jancovici !<\/p>\n<p style=\"text-align: center\"><strong>Le mardi 14 avril \u00e0 18h<\/strong><br \/>\n<strong>Dans la galerie de l&#8217;Alliance Fran\u00e7aise Rotterdam<\/strong><\/p>\n<p>&nbsp;<\/p>\n<p>D\u00e9couvrez ou red\u00e9couvrez l&#8217;exposition lors de son inauguration officielle en pr\u00e9sence de l&#8217;ONG &#8211; The Ocean Cleanup.<\/p>\n<p>Depuis plus de dix ans,<a href=\"https:\/\/theoceancleanup.com\/\"> The Ocean Cleanup<\/a> recherche, extrait et surveille la pollution plastique dans les oc\u00e9ans et les rivi\u00e8res du monde entier \u2013 avec des millions de kilogrammes \u00e9limin\u00e9s \u00e0 ce jour.<\/p>\n<p>&#x1f449; Introduction in\u00e9dite de l&#8217;exposition propos\u00e9e par Caroline Leclerc (Deputy Head Rivers)<\/p>\n<p>&#x1f4ac; En anglais<\/p>\n<p>Entr\u00e9e gratuite pour tous !<\/p>\n<p>&nbsp;<\/p>\n<p><strong>ENG<\/strong> \/ Discover the exhibition Le Monde sans fin, based on the best-selling comic strip by Christophe Blain and Jean-Marc Jancovici!<\/p>\n<p style=\"text-align: center\"><strong>Tuesday, May 14th at 6 PM<\/strong><br \/>\n<strong>In the gallery of the Alliance Fran\u00e7aise Rotterdam<\/strong><\/p>\n<p>Discover or rediscover the exhibition during its official opening in the presence of the NGO &#8211; The Ocean Cleanup.<\/p>\n<p>For over ten years, <a href=\"https:\/\/theoceancleanup.com\/\">The Ocean Cleanup<\/a> has been researching, extracting, and monitoring plastic pollution in oceans and rivers globally \u2013 with millions of kilograms removed to date.<\/p>\n<p>&#x1f449; Exclusive introduction to the exhibition by Caroline Leclerc (Deputy Head Rivers)<\/p>\n<p>&#x1f4ac; In English<\/p>\n<p>Free entrance, everyone is welcome!<\/p>","excerpt":"","slug":"le-monde-sans-fin-inauguration-officielle-official-opening","image":false,"all_day":false,"start_date":"2024-05-14 18:00:00","start_date_details":{"year":"2024","month":"05","day":"14","hour":"18","minutes":"00","seconds":"00"},"end_date":"2024-05-14 18:00:00","end_date_details":{"year":"2024","month":"05","day":"14","hour":"18","minutes":"00","seconds":"00"},"utc_start_date":"2024-05-14 16:00:00","utc_start_date_details":{"year":"2024","month":"05","day":"14","hour":"16","minutes":"00","seconds":"00"},"utc_end_date":"2024-05-14 16:00:00","utc_end_date_details":{"year":"2024","month":"05","day":"14","hour":"16","minutes":"00","seconds":"00"},"timezone":"Europe\/Amsterdam","timezone_abbr":"CEST","cost":"","cost_details":{"currency_symbol":"","currency_code":"","currency_position":"","values":[]},"website":"","show_map":true,"show_map_link":true,"hide_from_listings":false,"sticky":false,"featured":false,"categories":[{"name":"cursus","slug":"cursus","term_group":0,"term_taxonomy_id":254,"taxonomy":"tribe_events_cat","description":"","parent":0,"count":1,"filter":"raw","id":254,"urls":{"self":"https:\/\/www.alliancerotterdam.nl\/nl\/wp-json\/tribe\/events\/v1\/categories\/254","collection":"https:\/\/www.alliancerotterdam.nl\/nl\/wp-json\/tribe\/events\/v1\/categories"}}],"tags":[],"venue":[],"organizer":[],"custom_fields":[],"json_ld":{"@context":"http:\/\/schema.org","@type":"Event","name":"Le monde sans fin : Inauguration officielle \/ Official opening","description":"&lt;p&gt;Inauguration Officielle \/ Official Opening &nbsp; Venez d\u00e9couvrir l\u2019exposition Le Monde sans fin, consacr\u00e9e \u00e0 la bande dessin\u00e9e \u00e0 succ\u00e8s de Christophe Blain et Jean-Marc Jancovici ! Le mardi 14 [&hellip;]&lt;\/p&gt;\\n","url":"https:\/\/www.alliancerotterdam.nl\/nl\/evennement\/le-monde-sans-fin-inauguration-officielle-official-opening\/","eventAttendanceMode":"https:\/\/schema.org\/OfflineEventAttendanceMode","eventStatus":"https:\/\/schema.org\/EventScheduled","startDate":"2024-05-14T18:00:00+02:00","endDate":"2024-05-14T18:00:00+02:00","performer":"Organization"}}