{"id":38164,"date":"2026-09-01T16:49:17","date_gmt":"2026-09-01T14:49:17","guid":{"rendered":"https:\/\/www.alliancerotterdam.nl\/cest-la-rentree\/"},"modified":"2026-09-01T16:57:40","modified_gmt":"2026-09-01T14:57:40","slug":"cest-la-rentree","status":"publish","type":"post","link":"https:\/\/www.alliancerotterdam.nl\/en\/cest-la-rentree\/","title":{"rendered":"C&#8217;est la rentr\u00e9e !"},"content":{"rendered":"\n<p class=\"wp-block-paragraph\">The Alliance Fran\u00e7aise in Rotterdam is looking forward to seeing you again for another year!<\/p>\n\n<p class=\"wp-block-paragraph\"><p>Join us starting<strong> September 7<\/strong> for the &#8220;<a href=\"https:\/\/www.alliancerotterdam.nl\/en\/product\/workshop-freshen-up-your-french\/\" target=\"_blank\" rel=\"noopener\" data-type=\"link\" data-id=\"https:\/\/www.alliancerotterdam.nl\/produit\/atelier-freshen-up-your-french\/\">Fresh up<\/a>&#8221; &#8211; workshops &#8211; dynamic, interactive, and engaging workshops to brush up on your French before the new school year begins.<\/p><\/p>\n\n<p class=\"wp-block-paragraph\"><p>Our new session begins on <strong>September 21, 2026<\/strong>: we continue to offer our popular evening group classes from levels A1 to C1, conversation classes, classes for children, and private lessons for all levels.<\/p><\/p>\n\n<p class=\"wp-block-paragraph\">Check out our new offerings for the start of the school year, including intensive courses for levels A1 and A2, Neerlanese classes for beginners and advanced learners, and an online platform dedicated to teaching French!<\/p>\n\n<p class=\"wp-block-paragraph\"><p>\u2192 <a href=\"https:\/\/www.alliancerotterdam.nl\/en\/product\/group-course\/\" target=\"_blank\" rel=\"noopener\" data-type=\"link\" data-id=\"https:\/\/www.alliancerotterdam.nl\/produit\/cours-de-groupe\/\">Group courses<\/a>: Starting September 21, from A1 to C1<\/p><\/p>\n\n<p class=\"wp-block-paragraph\"><p>\u2192 <a href=\"https:\/\/www.alliancerotterdam.nl\/en\/product\/conversation-courses\/\" target=\"_blank\" rel=\"noopener\" data-type=\"product\" data-id=\"26934\">Conversation courses<\/a>: Starting September 21, from A1 to B2<\/p><\/p>\n\n<p class=\"wp-block-paragraph\"><p>\u2192<a href=\"https:\/\/www.alliancerotterdam.nl\/en\/product\/childrens-courses\/\" target=\"_blank\" rel=\"noopener\" data-type=\"product\" data-id=\"20016\"> Children courses<\/a>: Starting September 15, ages 3.5 to 13<\/p><\/p>\n\n<p class=\"wp-block-paragraph\"><p>\u2192 <a href=\"https:\/\/www.alliancerotterdam.nl\/en\/product\/intensive-courses\/\" target=\"_blank\" rel=\"noopener\" data-type=\"product\" data-id=\"37748\">Intensive courses<\/a>: Starting September 21, from A1 to A2<\/p><\/p>\n\n<p class=\"wp-block-paragraph\"><p>\u2192 <a href=\"https:\/\/www.alliancerotterdam.nl\/en\/product\/dutch-course\/\" target=\"_blank\" rel=\"noopener\" data-type=\"product\" data-id=\"19856\">Dutch courses<\/a>: Starting September 22, for levels A1 and B1<\/p><\/p>\n\n<p class=\"wp-block-paragraph\"><\/p>\n\n<p class=\"wp-block-paragraph\"><p>For any questions regarding your level or registration, please contact us at the following email address:\u00a0<a href=\"mailto:cursus@alliancerotterdam.nl\">cursus@alliancerotterdam.nl<\/a><\/p><\/p>\n\n<p class=\"wp-block-paragraph\"><\/p>\n\n<p class=\"wp-block-paragraph\">A bient\u00f4t \u00e0 l&#8217;Alliance Fran\u00e7aise Rotterdam !<\/p>\n","protected":false},"excerpt":{"rendered":"<p>Join our new course session starting September 21!<\/p>\n","protected":false},"author":2,"featured_media":37709,"comment_status":"closed","ping_status":"closed","sticky":false,"template":"","format":"standard","meta":{"_et_pb_use_builder":"","_et_pb_old_content":"","_et_gb_content_width":"","footnotes":""},"categories":[429],"tags":[],"class_list":["post-38164","post","type-post","status-publish","format-standard","has-post-thumbnail","hentry","category-featured"],"_links":{"self":[{"href":"https:\/\/www.alliancerotterdam.nl\/en\/wp-json\/wp\/v2\/posts\/38164","targetHints":{"allow":["GET"]}}],"collection":[{"href":"https:\/\/www.alliancerotterdam.nl\/en\/wp-json\/wp\/v2\/posts"}],"about":[{"href":"https:\/\/www.alliancerotterdam.nl\/en\/wp-json\/wp\/v2\/types\/post"}],"author":[{"embeddable":true,"href":"https:\/\/www.alliancerotterdam.nl\/en\/wp-json\/wp\/v2\/users\/2"}],"replies":[{"embeddable":true,"href":"https:\/\/www.alliancerotterdam.nl\/en\/wp-json\/wp\/v2\/comments?post=38164"}],"version-history":[{"count":7,"href":"https:\/\/www.alliancerotterdam.nl\/en\/wp-json\/wp\/v2\/posts\/38164\/revisions"}],"predecessor-version":[{"id":38171,"href":"https:\/\/www.alliancerotterdam.nl\/en\/wp-json\/wp\/v2\/posts\/38164\/revisions\/38171"}],"wp:featuredmedia":[{"embeddable":true,"href":"https:\/\/www.alliancerotterdam.nl\/en\/wp-json\/wp\/v2\/media\/37709"}],"wp:attachment":[{"href":"https:\/\/www.alliancerotterdam.nl\/en\/wp-json\/wp\/v2\/media?parent=38164"}],"wp:term":[{"taxonomy":"category","embeddable":true,"href":"https:\/\/www.alliancerotterdam.nl\/en\/wp-json\/wp\/v2\/categories?post=38164"},{"taxonomy":"post_tag","embeddable":true,"href":"https:\/\/www.alliancerotterdam.nl\/en\/wp-json\/wp\/v2\/tags?post=38164"}],"curies":[{"name":"wp","href":"https:\/\/api.w.org\/{rel}","templated":true}]}}