{"id":31023,"global_id":"www.alliancerotterdam.nl\/en\/?id=31023","global_id_lineage":["www.alliancerotterdam.nl\/en\/?id=31023"],"author":"2","status":"publish","date":"2025-04-22 13:08:15","date_utc":"2025-04-22 11:08:15","modified":"2025-04-22 13:08:15","modified_utc":"2025-04-22 11:08:15","url":"https:\/\/www.alliancerotterdam.nl\/en\/event\/cafe-poussette-nouveau\/","rest_url":"https:\/\/www.alliancerotterdam.nl\/en\/wp-json\/tribe\/events\/v1\/events\/31023","title":"Caf\u00e9 poussette &#8211; Nouveau !","description":"<p>Nous avons le plaisir de vous inviter \u00e0 notre premier caf\u00e9 poussette !<\/p>\n<p>Nous vous accueillons dans notre nouvelle biblioth\u00e8que pour un moment convivial entre parents-enfants francophones de Rotterdam.<\/p>\n<p><span class=\"OYPEnA font-feature-liga-off font-feature-clig-off font-feature-calt-off text-decoration-none text-strikethrough-none\">Venez papotez autour d\u2019un caf\u00e9\/th\u00e9 &amp; croissant, faites de nouvelles rencontres et profitez-en pour d\u00e9couvrir toute notre collection de livres en fran\u00e7ais pour les petits et tout-petits.\u00a0<\/span><\/p>\n<p>R\u00e9servez votre place ici \ud83d\ude09 <a href=\"https:\/\/www.alliancerotterdam.nl\/?post_type=product&amp;p=31025&amp;preview=true\">6\u20ac par famille (caf\u00e9\/th\u00e9 &amp; croissant inclus)\u00a0<\/a><\/p>","excerpt":"","slug":"cafe-poussette-nouveau","image":false,"all_day":false,"start_date":"2025-05-07 09:00:00","start_date_details":{"year":"2025","month":"05","day":"07","hour":"09","minutes":"00","seconds":"00"},"end_date":"2025-05-07 10:00:00","end_date_details":{"year":"2025","month":"05","day":"07","hour":"10","minutes":"00","seconds":"00"},"utc_start_date":"2025-05-07 07:00:00","utc_start_date_details":{"year":"2025","month":"05","day":"07","hour":"07","minutes":"00","seconds":"00"},"utc_end_date":"2025-05-07 08:00:00","utc_end_date_details":{"year":"2025","month":"05","day":"07","hour":"08","minutes":"00","seconds":"00"},"timezone":"Europe\/Paris","timezone_abbr":"CEST","cost":"6\u20ac","cost_details":{"currency_symbol":"\u20ac","currency_code":"EUR","currency_position":"suffix","values":["6"]},"website":"","show_map":true,"show_map_link":true,"hide_from_listings":false,"sticky":false,"featured":false,"categories":[],"tags":[],"venue":[],"organizer":[],"custom_fields":[],"json_ld":{"@context":"http:\/\/schema.org","@type":"Event","name":"Caf\u00e9 poussette &#8211; Nouveau !","description":"&lt;p&gt;Nous avons le plaisir de vous inviter \u00e0 notre premier caf\u00e9 poussette ! Nous vous accueillons dans notre nouvelle biblioth\u00e8que pour un moment convivial entre parents-enfants francophones de Rotterdam. Venez [&hellip;]&lt;\/p&gt;\\n","url":"https:\/\/www.alliancerotterdam.nl\/en\/event\/cafe-poussette-nouveau\/","eventAttendanceMode":"https:\/\/schema.org\/OfflineEventAttendanceMode","eventStatus":"https:\/\/schema.org\/EventScheduled","startDate":"2025-05-07T09:00:00+02:00","endDate":"2025-05-07T10:00:00+02:00","offers":{"@type":"Offer","price":"6","priceCurrency":"EUR","url":"https:\/\/www.alliancerotterdam.nl\/en\/event\/cafe-poussette-nouveau\/","category":"primary","availability":"inStock","validFrom":"2025-04-22T00:00:00+00:00"},"performer":"Organization"}}