{"id":15004,"date":"2023-01-18T13:49:07","date_gmt":"2023-01-18T12:49:07","guid":{"rendered":"https:\/\/www.alliancerotterdam.nl\/?p=15004"},"modified":"2025-01-22T11:06:02","modified_gmt":"2025-01-22T10:06:02","slug":"combien-de-fois-je-taime-le-zoom-apprenant-de-la-bibliotheque-4","status":"publish","type":"post","link":"http:\/\/www.alliancerotterdam.nl\/nl\/combien-de-fois-je-taime-le-zoom-apprenant-de-la-bibliotheque-4\/","title":{"rendered":"Combien de fois je t&#8217;aime \u2013 Le Zoom apprenant de la biblioth\u00e8que #4"},"content":{"rendered":"\n<p class=\"has-medium-font-size\"><em><strong>Combien de fois je t&#8217;aime<\/strong>, <\/em>Serge JONCOUR, 2009<\/p>\n\n\n\n<figure class=\"wp-block-image aligncenter size-large\"><img decoding=\"async\" src=\"https:\/\/www.alliancerotterdam.nl\/wp-content\/uploads\/sites\/4\/2023\/01\/Zoom-apprenant-FB-3-560x469.png\" alt=\"\" class=\"wp-image-15005\" \/><\/figure>\n\n\n\n<blockquote class=\"wp-block-quote is-layout-flow wp-block-quote-is-layout-flow\">\n<p><strong>Mangi Dem<\/strong><em>. Je n&#8217;ai jamais bien su si \u00e7a voulait dire <\/em><strong>Au revoir<\/strong><em>, ou <\/em><strong>Je m&#8217;en vais<\/strong><em>. C&#8217;est du wolof, je crois. Depuis j&#8217;ai cherch\u00e9. En fait, \u00e7a veut dire les deux.<\/em><\/p>\n<\/blockquote>\n\n\n\n<p>\u2013&gt; Retrouvez le livre \u201dCombien de fois je t&#8217;aime\u201d \u00e0 la biblioth\u00e8que de l\u2019Alliance Fran\u00e7aise et \u00e0 bient\u00f4t pour un nouveau zoom apprenant !<\/p>\n\n\n\n<p><strong>Pour aller plus loin :<\/strong><\/p>\n\n\n\n<p>Rendez-vous sur Cultureth\u00e8que pour lire <strong><em>Nature humaine<\/em><\/strong>, roman du m\u00eame auteur, prix Femina 2020<\/p>\n\n\n\n<figure class=\"wp-block-image aligncenter size-medium\"><img decoding=\"async\" src=\"https:\/\/www.alliancerotterdam.nl\/wp-content\/uploads\/sites\/4\/2023\/01\/9782081433489-270x410.jpg\" alt=\"\" class=\"wp-image-15006\" \/><\/figure>\n\n\n\n<p>Cliquez\u00a0<a href=\"https:\/\/www.culturetheque.com\/NLD\/search.aspx?SC=DEFAULT&amp;QUERY=joncour&amp;QUERY_LABEL=#\/Detail\/(query:(Id:'0_OFFSET_0',Index:1,NBResults:3,PageRange:3,SearchQuery:(FacetFilter:%7B%7D,ForceSearch:!f,InitialSearch:!f,Page:0,PageRange:3,QueryGuid:a6fdd788-c77f-41d3-a371-127dfcf5f59b,QueryString:joncour,ResultSize:10,ScenarioCode:DEFAULT,ScenarioDisplayMode:display-standard,SearchGridFieldsShownOnResultsDTO:!(),SearchLabel:'',SearchTerms:joncour,SortField:!n,SortOrder:0,TemplateParams:(Scenario:'',Scope:NLD,Size:!n,Source:'',Support:'',UseCompact:!f),UseSpellChecking:!n)))\">ICI<\/a>\u00a0!<\/p>\n\n\n\n<p>Vous souhaitez cr\u00e9er votre compte CULTURETH\u00c8QUE avec l\u2019Alliance fran\u00e7aise de Rotterdam ? C\u2019est par&nbsp;<a href=\"https:\/\/www.culturetheque.com\/NLD\/register.aspx\">ici&nbsp;<\/a>!<\/p>\n\n\n\n<figure class=\"wp-block-image aligncenter size-large\"><img decoding=\"async\" src=\"https:\/\/www.alliancerotterdam.nl\/wp-content\/uploads\/sites\/4\/2022\/10\/Culturetheque-768x134-2-560x98.png\" alt=\"\" class=\"wp-image-14625\" \/><\/figure>\n","protected":false},"excerpt":{"rendered":"<p>Combien de fois je t&#8217;aime, Serge JONCOUR, 2009 Mangi Dem. Je n&#8217;ai jamais bien su si \u00e7a voulait dire Au revoir, ou Je m&#8217;en vais. C&#8217;est du wolof, je crois. [&hellip;]<\/p>\n","protected":false},"author":1,"featured_media":14614,"comment_status":"closed","ping_status":"closed","sticky":false,"template":"","format":"standard","meta":{"_et_pb_use_builder":"","_et_pb_old_content":"","_et_gb_content_width":"","footnotes":""},"categories":[516],"tags":[501,506],"class_list":["post-15004","post","type-post","status-publish","format-standard","has-post-thumbnail","hentry","category-non-classifiee-nl","tag-bibliotheque-francophone","tag-le-zoom-apprenant-de-la-bibliotheque"],"_links":{"self":[{"href":"http:\/\/www.alliancerotterdam.nl\/nl\/wp-json\/wp\/v2\/posts\/15004","targetHints":{"allow":["GET"]}}],"collection":[{"href":"http:\/\/www.alliancerotterdam.nl\/nl\/wp-json\/wp\/v2\/posts"}],"about":[{"href":"http:\/\/www.alliancerotterdam.nl\/nl\/wp-json\/wp\/v2\/types\/post"}],"author":[{"embeddable":true,"href":"http:\/\/www.alliancerotterdam.nl\/nl\/wp-json\/wp\/v2\/users\/1"}],"replies":[{"embeddable":true,"href":"http:\/\/www.alliancerotterdam.nl\/nl\/wp-json\/wp\/v2\/comments?post=15004"}],"version-history":[{"count":1,"href":"http:\/\/www.alliancerotterdam.nl\/nl\/wp-json\/wp\/v2\/posts\/15004\/revisions"}],"predecessor-version":[{"id":20041,"href":"http:\/\/www.alliancerotterdam.nl\/nl\/wp-json\/wp\/v2\/posts\/15004\/revisions\/20041"}],"wp:featuredmedia":[{"embeddable":true,"href":"http:\/\/www.alliancerotterdam.nl\/nl\/wp-json\/wp\/v2\/media\/14614"}],"wp:attachment":[{"href":"http:\/\/www.alliancerotterdam.nl\/nl\/wp-json\/wp\/v2\/media?parent=15004"}],"wp:term":[{"taxonomy":"category","embeddable":true,"href":"http:\/\/www.alliancerotterdam.nl\/nl\/wp-json\/wp\/v2\/categories?post=15004"},{"taxonomy":"post_tag","embeddable":true,"href":"http:\/\/www.alliancerotterdam.nl\/nl\/wp-json\/wp\/v2\/tags?post=15004"}],"curies":[{"name":"wp","href":"https:\/\/api.w.org\/{rel}","templated":true}]}}