{"id":14777,"date":"2022-12-15T18:20:10","date_gmt":"2022-12-15T17:20:10","guid":{"rendered":"https:\/\/www.alliancerotterdam.nl\/?p=14777"},"modified":"2025-01-22T11:06:02","modified_gmt":"2025-01-22T10:06:02","slug":"le-malade-imaginaire-le-zoom-apprenant-de-la-bibliotheque-3","status":"publish","type":"post","link":"http:\/\/www.alliancerotterdam.nl\/nl\/le-malade-imaginaire-le-zoom-apprenant-de-la-bibliotheque-3\/","title":{"rendered":"Le malade imaginaire \u2013 Le Zoom apprenant de la biblioth\u00e8que #3"},"content":{"rendered":"\n<p><strong><em>Le malade imaginaire<\/em><\/strong>\u00a0\u2013 Moli\u00e8re, 1673<\/p>\n\n\n\n<div class=\"wp-block-media-text alignwide is-stacked-on-mobile\"><figure class=\"wp-block-media-text__media\"><img decoding=\"async\" src=\"https:\/\/www.alliancerotterdam.nl\/wp-content\/uploads\/sites\/4\/2022\/12\/Zoom-apprenant-FB-2-560x469.png\" alt=\"\" class=\"wp-image-14778 size-full\" \/><\/figure><div class=\"wp-block-media-text__content\">\n<p>       Argan est un <strong>malade imaginaire<\/strong> qui se pense atteint de mille maux. Il croit avoir trouv\u00e9 <strong>l&#8217;ultime rem\u00e8de<\/strong> en mariant sa fille Ang\u00e9lique, amoureuse de Cl\u00e9ante, \u00e0 un m\u00e9decin&#8230;<\/p>\n\n\n\n<p>       Dans sa derni\u00e8re pi\u00e8ce, Moli\u00e8re tourne les m\u00e9decins en ridicule et <strong>c\u00e9l\u00e8bre le triomphe de l&#8217;amour et de la vie<\/strong> sur la maladie et la mort. Rires, danses et d\u00e9guisements rythment cette com\u00e9die-ballet savoureuse et r\u00e9jouissante.<\/p>\n<\/div><\/div>\n\n\n\n<p><strong>Pour aller plus loin :<\/strong><\/p>\n\n\n\n<p>\u2013&gt; Retrouvez le livre \u201d<em>Le Malade imaginaire<\/em>\u201d \u00e0 la biblioth\u00e8que de l\u2019Alliance Fran\u00e7aise et \u00e0 bient\u00f4t pour un nouveau zoom apprenant !<\/p>\n\n\n\n<figure class=\"wp-block-image alignright size-medium\"><img decoding=\"async\" src=\"https:\/\/www.alliancerotterdam.nl\/wp-content\/uploads\/sites\/4\/2022\/12\/443x590-1-270x270.jpg\" alt=\"\" class=\"wp-image-14779\" \/><\/figure>\n\n\n\n<p>Rendez-vous sur\u00a0<a href=\"https:\/\/www.culturetheque.com\/NLD\/\">Cultureth\u00e8que<\/a>\u00a0pour \u00e9couter en livre audio <strong><em>Moli\u00e8re<\/em><\/strong>, une biographie de l&#8217;auteur par Patrick Martinez- Bournat.<\/p>\n\n\n\n<p>Cliquez <a href=\"https:\/\/www.culturetheque.com\/NLD\/search.aspx?SC=DEFAULT&amp;QUERY=moli%C3%A8re&amp;QUERY_LABEL=#\/Detail\/(query:(Id:'0_OFFSET_0',Index:1,NBResults:65,PageRange:3,SearchQuery:(FacetFilter:%7B%7D,ForceSearch:!t,InitialSearch:!f,Page:0,PageRange:3,QueryGuid:f72e08ab-a2ef-4b66-87a0-68315e5e63f9,QueryString:moli%C3%A8re,ResultSize:10,ScenarioCode:DEFAULT,ScenarioDisplayMode:display-standard,SearchGridFieldsShownOnResultsDTO:!(),SearchLabel:'',SearchTerms:moli%C3%A8re,SortField:!n,SortOrder:0,TemplateParams:(Scenario:'',Scope:NLD,Size:!n,Source:'',Support:'',UseCompact:!f),UseSpellChecking:!n)))\">ICI <\/a>! <\/p>\n\n\n\n<p>Vous souhaitez cr\u00e9er votre compte CULTURETH\u00c8QUE avec l\u2019Alliance fran\u00e7aise de Rotterdam ? C\u2019est par&nbsp;<a href=\"https:\/\/www.culturetheque.com\/NLD\/register.aspx\">ici&nbsp;<\/a>!<\/p>\n\n\n\n<figure class=\"wp-block-image size-large\"><img decoding=\"async\" src=\"https:\/\/www.alliancerotterdam.nl\/wp-content\/uploads\/sites\/4\/2022\/10\/Culturetheque-768x134-2-560x98.png\" alt=\"\" class=\"wp-image-14625\" \/><\/figure>\n","protected":false},"excerpt":{"rendered":"<p>Le malade imaginaire\u00a0\u2013 Moli\u00e8re, 1673 Argan est un malade imaginaire qui se pense atteint de mille maux. Il croit avoir trouv\u00e9 l&#8217;ultime rem\u00e8de en mariant sa fille Ang\u00e9lique, amoureuse de [&hellip;]<\/p>\n","protected":false},"author":1,"featured_media":14616,"comment_status":"closed","ping_status":"closed","sticky":false,"template":"","format":"standard","meta":{"_et_pb_use_builder":"","_et_pb_old_content":"","_et_gb_content_width":"","footnotes":""},"categories":[30],"tags":[501,506],"class_list":["post-14777","post","type-post","status-publish","format-standard","has-post-thumbnail","hentry","category-non-classifiee","tag-bibliotheque-francophone","tag-le-zoom-apprenant-de-la-bibliotheque"],"_links":{"self":[{"href":"http:\/\/www.alliancerotterdam.nl\/nl\/wp-json\/wp\/v2\/posts\/14777","targetHints":{"allow":["GET"]}}],"collection":[{"href":"http:\/\/www.alliancerotterdam.nl\/nl\/wp-json\/wp\/v2\/posts"}],"about":[{"href":"http:\/\/www.alliancerotterdam.nl\/nl\/wp-json\/wp\/v2\/types\/post"}],"author":[{"embeddable":true,"href":"http:\/\/www.alliancerotterdam.nl\/nl\/wp-json\/wp\/v2\/users\/1"}],"replies":[{"embeddable":true,"href":"http:\/\/www.alliancerotterdam.nl\/nl\/wp-json\/wp\/v2\/comments?post=14777"}],"version-history":[{"count":1,"href":"http:\/\/www.alliancerotterdam.nl\/nl\/wp-json\/wp\/v2\/posts\/14777\/revisions"}],"predecessor-version":[{"id":20043,"href":"http:\/\/www.alliancerotterdam.nl\/nl\/wp-json\/wp\/v2\/posts\/14777\/revisions\/20043"}],"wp:featuredmedia":[{"embeddable":true,"href":"http:\/\/www.alliancerotterdam.nl\/nl\/wp-json\/wp\/v2\/media\/14616"}],"wp:attachment":[{"href":"http:\/\/www.alliancerotterdam.nl\/nl\/wp-json\/wp\/v2\/media?parent=14777"}],"wp:term":[{"taxonomy":"category","embeddable":true,"href":"http:\/\/www.alliancerotterdam.nl\/nl\/wp-json\/wp\/v2\/categories?post=14777"},{"taxonomy":"post_tag","embeddable":true,"href":"http:\/\/www.alliancerotterdam.nl\/nl\/wp-json\/wp\/v2\/tags?post=14777"}],"curies":[{"name":"wp","href":"https:\/\/api.w.org\/{rel}","templated":true}]}}