{"id":14591,"date":"2022-10-17T13:03:43","date_gmt":"2022-10-17T11:03:43","guid":{"rendered":"https:\/\/www.alliancerotterdam.nl\/?p=14591"},"modified":"2025-01-22T11:06:02","modified_gmt":"2025-01-22T10:06:02","slug":"victor-hugo-habite-chez-moi-le-zoom-apprenant-de-la-bibliotheque-1","status":"publish","type":"post","link":"http:\/\/www.alliancerotterdam.nl\/nl\/victor-hugo-habite-chez-moi-le-zoom-apprenant-de-la-bibliotheque-1\/","title":{"rendered":"Victor Hugo habite chez moi &#8211; Le Zoom apprenant de la biblioth\u00e8que #1"},"content":{"rendered":"\n<p class=\"has-large-font-size\"><strong><em>Victor Hugo habite chez moi<\/em><\/strong> &#8211; Myriam Louviot, 2017<\/p>\n\n\n\n<div class=\"wp-block-media-text alignwide is-stacked-on-mobile\"><figure class=\"wp-block-media-text__media\"><img decoding=\"async\" src=\"https:\/\/www.alliancerotterdam.nl\/wp-content\/uploads\/sites\/4\/2022\/10\/Zoom-apprenant-FB-560x469.png\" alt=\"\" class=\"wp-image-14592 size-full\" \/><\/figure><div class=\"wp-block-media-text__content\">\n<p>&#8211;&gt; Retrouvez d\u00e8s aujourd&#8217;hui le premier zoom apprenant de la biblioth\u00e8que : un rendez-vous mensuel lors duquel nous mettons en avant un livre pour commencer \u00e0 pratiquer la lecture du fran\u00e7ais.&nbsp;<\/p>\n\n\n\n<p>&#8211;&gt; Le narrateur nous permet ici d&#8217;en apprendre plus sur la vie de cet <strong>auteur embl\u00e9matique<\/strong> de la litt\u00e9rature fran\u00e7aise, notamment sur <strong>ses engagements politiques, son \u0153uvre et sa vie familiale<\/strong>.&nbsp;<\/p>\n\n\n\n<p>&#8211;&gt; Retrouvez le livre &#8221;<strong><em>Victor Hugo habite chez moi<\/em><\/strong>&#8221; \u00e0 la biblioth\u00e8que de l\u2019Alliance Fran\u00e7aise et \u00e0 bient\u00f4t pour un nouveau zoom apprenant !&nbsp;&nbsp;<\/p>\n<\/div><\/div>\n\n\n\n<p><strong>Pour aller plus loin :<\/strong> <\/p>\n\n\n\n<p>Rendez-vous sur <a href=\"https:\/\/www.culturetheque.com\/NLD\/\">Cultureth\u00e8que<\/a> pour emprunter le livre audio &#8221;Les Mis\u00e9rables&#8221;, le chef d&#8217;\u0153uvre de Victor Hugo.&nbsp;&nbsp;<\/p>\n\n\n\n<p>Cliquez <a href=\"https:\/\/www.culturetheque.com\/NLD\/doc\/SYRACUSE\/8725\/victor-hugo-les-miserables\">ici<\/a> !<\/p>\n\n\n\n<p>Vous souhaitez cr\u00e9er votre compte CULTURETH\u00c8QUE avec l\u2019Alliance fran\u00e7aise de Rotterdam ? C&#8217;est par <a href=\"https:\/\/www.culturetheque.com\/NLD\/register.aspx\">ici <\/a>!<\/p>\n\n\n\n<figure class=\"wp-block-image aligncenter size-large is-resized\"><img loading=\"lazy\" decoding=\"async\" src=\"https:\/\/www.alliancerotterdam.nl\/wp-content\/uploads\/sites\/4\/2022\/10\/Culturetheque-768x134-1-560x98.png\" alt=\"\" class=\"wp-image-14568\" style=\"width:560px;height:98px\" width=\"560\" height=\"98\" \/><\/figure>\n","protected":false},"excerpt":{"rendered":"<p>Victor Hugo habite chez moi &#8211; Myriam Louviot, 2017 &#8211;&gt; Retrouvez d\u00e8s aujourd&#8217;hui le premier zoom apprenant de la biblioth\u00e8que : un rendez-vous mensuel lors duquel nous mettons en avant [&hellip;]<\/p>\n","protected":false},"author":1,"featured_media":14616,"comment_status":"closed","ping_status":"closed","sticky":false,"template":"","format":"standard","meta":{"_et_pb_use_builder":"","_et_pb_old_content":"","_et_gb_content_width":"","footnotes":""},"categories":[30],"tags":[501,506],"class_list":["post-14591","post","type-post","status-publish","format-standard","has-post-thumbnail","hentry","category-non-classifiee","tag-bibliotheque-francophone","tag-le-zoom-apprenant-de-la-bibliotheque"],"_links":{"self":[{"href":"http:\/\/www.alliancerotterdam.nl\/nl\/wp-json\/wp\/v2\/posts\/14591","targetHints":{"allow":["GET"]}}],"collection":[{"href":"http:\/\/www.alliancerotterdam.nl\/nl\/wp-json\/wp\/v2\/posts"}],"about":[{"href":"http:\/\/www.alliancerotterdam.nl\/nl\/wp-json\/wp\/v2\/types\/post"}],"author":[{"embeddable":true,"href":"http:\/\/www.alliancerotterdam.nl\/nl\/wp-json\/wp\/v2\/users\/1"}],"replies":[{"embeddable":true,"href":"http:\/\/www.alliancerotterdam.nl\/nl\/wp-json\/wp\/v2\/comments?post=14591"}],"version-history":[{"count":1,"href":"http:\/\/www.alliancerotterdam.nl\/nl\/wp-json\/wp\/v2\/posts\/14591\/revisions"}],"predecessor-version":[{"id":28544,"href":"http:\/\/www.alliancerotterdam.nl\/nl\/wp-json\/wp\/v2\/posts\/14591\/revisions\/28544"}],"wp:featuredmedia":[{"embeddable":true,"href":"http:\/\/www.alliancerotterdam.nl\/nl\/wp-json\/wp\/v2\/media\/14616"}],"wp:attachment":[{"href":"http:\/\/www.alliancerotterdam.nl\/nl\/wp-json\/wp\/v2\/media?parent=14591"}],"wp:term":[{"taxonomy":"category","embeddable":true,"href":"http:\/\/www.alliancerotterdam.nl\/nl\/wp-json\/wp\/v2\/categories?post=14591"},{"taxonomy":"post_tag","embeddable":true,"href":"http:\/\/www.alliancerotterdam.nl\/nl\/wp-json\/wp\/v2\/tags?post=14591"}],"curies":[{"name":"wp","href":"https:\/\/api.w.org\/{rel}","templated":true}]}}