{"id":14770,"date":"2022-01-01T17:57:00","date_gmt":"2022-01-01T16:57:00","guid":{"rendered":"https:\/\/www.alliancerotterdam.nl\/?p=14770"},"modified":"2024-11-27T18:18:13","modified_gmt":"2024-11-27T17:18:13","slug":"les-vaisseaux-du-coeur-le-coup-de-coeur-de-la-bibliotheque-4","status":"publish","type":"post","link":"http:\/\/www.alliancerotterdam.nl\/en\/les-vaisseaux-du-coeur-le-coup-de-coeur-de-la-bibliotheque-4\/","title":{"rendered":"Les vaisseaux du coeur \u2013 LE COUP DE C\u0152UR DE LA BIBLIOTH\u00c8QUE #4"},"content":{"rendered":"\n<p class=\"has-large-font-size\"><strong><em>Les vaisseaux du coeur<\/em><\/strong> &#8211; Beno\u00eete\u00a0Groult, 1990<\/p>\n\n\n\n<div class=\"wp-block-media-text alignwide is-stacked-on-mobile\"><figure class=\"wp-block-media-text__media\"><img decoding=\"async\" src=\"https:\/\/www.alliancerotterdam.nl\/wp-content\/uploads\/sites\/4\/2022\/12\/Idee-coup-de-coeur-FB-6-560x469.png\" alt=\"\" class=\"wp-image-14771 size-full\" \/><\/figure><div class=\"wp-block-media-text__content\">\n<p>      <em><strong>Les Vaisseaux du c\u0153ur<\/strong><\/em> raconte la <strong>passion<\/strong> qui unit un homme et une femme, George et Gauvin. Elle, intellectuelle parisienne, lui marin breton. Tout les oppose : m\u00e9tiers, lieux de vie, go\u00fbt culturels&#8230; Ils vont pourtant vivre une <strong>histoire forte<\/strong>, passionnelle, aux quatres coins du monde d\u00e8s qu&#8217;ils en auront l&#8217;opportunit\u00e9. <\/p>\n\n\n\n<p>      Un <strong>d\u00e9sir<\/strong> fort les d\u00e9vore, une curiosit\u00e9 pour l&#8217;un et l&#8217;autre, tout en sachant pour autant que leur relation, <strong>complexe et secr\u00e8te<\/strong>, est vou\u00e9e \u00e0 rester telle qu&#8217;elle est : un moment suspendu dans le temps.<\/p>\n<\/div><\/div>\n\n\n\n<blockquote class=\"wp-block-quote is-layout-flow wp-block-quote-is-layout-flow\">\n<p><em>&#8221;Je me d\u00e9couvrais des aptitudes toutes fra\u00eeches pour le bonheur et une propension inattendue au rire et \u00e0 la l\u00e9g\u00e8ret\u00e9. Car le plus dur dans le malheur, ce n&#8217;est pas tellement d&#8217;\u00eatre malheureux, c&#8217;est de se trouver priv\u00e9 de son minimum vital d&#8217;insouciance, de ce recours au rire ou, mieux encore, au fou rire salutaire qui fait sauter vos circuits et vous laisse pantelant, exhalant un de ces soupirs qui d\u00e9livrent des pires tensions. Le malheur est d\u00e9sesp\u00e9r\u00e9ment s\u00e9rieux.<\/em>&#8221;<\/p>\n<\/blockquote>\n\n\n\n<p>Retrouvez le livre <em><strong><em><strong>Les Vaisseaux du c\u0153ur<\/strong><\/em><\/strong><\/em> \u00e0 la biblioth\u00e8que de l\u2019Alliance Fran\u00e7aise et \u00e0 bient\u00f4t pour un nouveau coup de c\u0153ur !<\/p>\n\n\n\n<div class=\"wp-block-media-text alignwide has-media-on-the-right is-stacked-on-mobile\" style=\"grid-template-columns:auto 25%\"><div class=\"wp-block-media-text__content\">\n<p><strong>Pour aller plus loin :<\/strong><\/p>\n\n\n\n<p>Rendez-vous sur <a rel=\"noreferrer noopener\" href=\"https:\/\/www.culturetheque.com\/NLD\/regarder.aspx\" target=\"_blank\">Cultureth\u00e8que<\/a> pour emprunter en version num\u00e9rique <em><strong>Commencements<\/strong><\/em>, un roman de Catherine Millet, traitant du d\u00e9sir et des premiers \u00e9mois dans les ann\u00e9es 60.<\/p>\n\n\n\n<p>Cliquez <a href=\"https:\/\/www.culturetheque.com\/NLD\/search.aspx?SC=LIVRE&amp;QUERY=rentree%20litteraire%202022#\/Detail\/(query:(Id:'22_OFFSET_0',Index:23,NBResults:40,PageRange:3,SearchQuery:(CloudTerms:!(),ExceptTotalFacet:!t,FacetFilter:'%7B%22_1004%22:%22DILICOM%7C%7CDILICOM%7C%7CDILICOM%7C%7CDILICOM%22%7D',ForceSearch:!t,HiddenFacetFilter:'%7B%22_1004%22:%22DILICOM%22%7D',InitialSearch:!f,InjectFields:!t,InjectOpenFind:!t,Page:2,PageRange:3,QueryGuid:cd13b717-764e-453a-becf-0e9904ff2757,QueryString:'rentree%20litteraire%202022',ResultSize:10,ScenarioCode:LIVRE,ScenarioDisplayMode:display-standard,SearchContext:5,SearchGridFieldsShownOnResultsDTO:!(),SearchLabel:'Rentr%C3%A9e%20litt%C3%A9raire%20automne%202022',SearchTerms:'rentree%20litteraire%202022',SortField:YearOfPublication_int_sort,SortOrder:0,TemplateParams:(Scenario:!n,Scope:Default,Size:!n,Source:!n,Support:'',UseCompact:!f),UseCanvas:!t,UseSpellChecking:!n)))\">ICI<\/a> !<\/p>\n<\/div><figure class=\"wp-block-media-text__media\"><img loading=\"lazy\" decoding=\"async\" width=\"200\" height=\"311\" src=\"https:\/\/www.alliancerotterdam.nl\/wp-content\/uploads\/sites\/4\/2022\/12\/8e9ab31872cec429be10e1fdc02cb98bcf033c.jpg\" alt=\"\" class=\"wp-image-14772 size-full\" srcset=\"https:\/\/www.alliancerotterdam.nl\/wp-content\/uploads\/sites\/4\/2022\/12\/8e9ab31872cec429be10e1fdc02cb98bcf033c.jpg 200w, https:\/\/www.alliancerotterdam.nl\/wp-content\/uploads\/sites\/4\/2022\/12\/8e9ab31872cec429be10e1fdc02cb98bcf033c-193x300.jpg 193w\" sizes=\"(max-width: 200px) 100vw, 200px\" \/><\/figure><\/div>\n\n\n\n<p>Vous souhaitez cr\u00e9er votre compte CULTURETH\u00c8QUE avec l\u2019Alliance fran\u00e7aise de Rotterdam ? C&#8217;est par <a href=\"https:\/\/www.culturetheque.com\/NLD\/register.aspx\">ICI <\/a>!<\/p>\n\n\n\n<figure class=\"wp-block-image aligncenter size-large\"><img decoding=\"async\" src=\"https:\/\/www.alliancerotterdam.nl\/wp-content\/uploads\/sites\/4\/2022\/10\/Culturetheque-768x134-2-560x98.png\" alt=\"\" class=\"wp-image-14625\" \/><\/figure>\n","protected":false},"excerpt":{"rendered":"<p>Les vaisseaux du coeur &#8211; Beno\u00eete\u00a0Groult, 1990 Les Vaisseaux du c\u0153ur raconte la passion qui unit un homme et une femme, George et Gauvin. Elle, intellectuelle parisienne, lui marin breton. [&hellip;]<\/p>\n","protected":false},"author":1,"featured_media":0,"comment_status":"closed","ping_status":"closed","sticky":false,"template":"","format":"standard","meta":{"_et_pb_use_builder":"","_et_pb_old_content":"","_et_gb_content_width":"","footnotes":""},"categories":[],"tags":[],"class_list":["post-14770","post","type-post","status-publish","format-standard","hentry"],"_links":{"self":[{"href":"http:\/\/www.alliancerotterdam.nl\/en\/wp-json\/wp\/v2\/posts\/14770","targetHints":{"allow":["GET"]}}],"collection":[{"href":"http:\/\/www.alliancerotterdam.nl\/en\/wp-json\/wp\/v2\/posts"}],"about":[{"href":"http:\/\/www.alliancerotterdam.nl\/en\/wp-json\/wp\/v2\/types\/post"}],"author":[{"embeddable":true,"href":"http:\/\/www.alliancerotterdam.nl\/en\/wp-json\/wp\/v2\/users\/1"}],"replies":[{"embeddable":true,"href":"http:\/\/www.alliancerotterdam.nl\/en\/wp-json\/wp\/v2\/comments?post=14770"}],"version-history":[{"count":1,"href":"http:\/\/www.alliancerotterdam.nl\/en\/wp-json\/wp\/v2\/posts\/14770\/revisions"}],"predecessor-version":[{"id":20045,"href":"http:\/\/www.alliancerotterdam.nl\/en\/wp-json\/wp\/v2\/posts\/14770\/revisions\/20045"}],"wp:attachment":[{"href":"http:\/\/www.alliancerotterdam.nl\/en\/wp-json\/wp\/v2\/media?parent=14770"}],"wp:term":[{"taxonomy":"category","embeddable":true,"href":"http:\/\/www.alliancerotterdam.nl\/en\/wp-json\/wp\/v2\/categories?post=14770"},{"taxonomy":"post_tag","embeddable":true,"href":"http:\/\/www.alliancerotterdam.nl\/en\/wp-json\/wp\/v2\/tags?post=14770"}],"curies":[{"name":"wp","href":"https:\/\/api.w.org\/{rel}","templated":true}]}}