{"id":14692,"date":"2022-11-22T09:59:31","date_gmt":"2022-11-22T08:59:31","guid":{"rendered":"https:\/\/www.alliancerotterdam.nl\/?p=14692"},"modified":"2025-01-22T11:06:02","modified_gmt":"2025-01-22T10:06:02","slug":"il-a-jamais-tue-personne-mon-papa-le-zoom-apprenant-de-la-bibliotheque-2","status":"publish","type":"post","link":"http:\/\/www.alliancerotterdam.nl\/en\/il-a-jamais-tue-personne-mon-papa-le-zoom-apprenant-de-la-bibliotheque-2\/","title":{"rendered":"Il a jamais tu\u00e9 personne, mon papa &#8211; Le Zoom apprenant de la biblioth\u00e8que #2"},"content":{"rendered":"\n<p><strong><em>Il a jamais tu\u00e9 personne, mon papa<\/em><\/strong> &#8211; Jean-Louis Fournier, 1999<\/p>\n\n\n\n<div class=\"wp-block-media-text alignwide is-stacked-on-mobile\"><figure class=\"wp-block-media-text__media\"><img decoding=\"async\" src=\"https:\/\/www.alliancerotterdam.nl\/wp-content\/uploads\/sites\/4\/2022\/11\/Zoom-apprenant-FB-1-560x469.png\" alt=\"\" class=\"wp-image-14697 size-full\" \/><\/figure><div class=\"wp-block-media-text__content\">\n<p style=\"font-size:15px\">&#8211;&gt; L&#8217;auteur Jean- Louis Fournier raconte avec son regard d&#8217;enfant son p\u00e8re tr\u00e8s singulier :<strong> m\u00e9decin <\/strong>mais aussi <strong>alcoolique<\/strong> et fantasque, cet homme nous est pr\u00e9sent\u00e9 \u00e0 travers une s\u00e9rie de petits textes. Un portrait naif, parfois dur, avec des moments teint\u00e9s de violence.\u00a0<\/p>\n<\/div><\/div>\n\n\n\n<blockquote class=\"wp-block-quote is-layout-flow wp-block-quote-is-layout-flow\">\n<p><em>&#8221;Il soignait les gens, des gens pas riches, qui souvent ne le payaient pas, mais ils lui offraient un verre en \u00e9change, parce que mon papa, il aimait bien boire un coup, plusieurs m\u00eame, et le soir, quand il rentrait, il \u00e9tait bien fatigu\u00e9. Quelquefois, il disait qu&#8217;il allait tuer maman, et puis moi aussi, parce que j&#8217;\u00e9tais l&#8217;a\u00een\u00e9 et pas son pr\u00e9f\u00e9r\u00e9&#8221;<\/em><\/p>\n<cite>Il a jamais tu\u00e9 personne mon papa, Jean-Louis Fournier, 1999<\/cite><\/blockquote>\n\n\n\n<p><strong>Pour aller plus loin :<\/strong><\/p>\n\n\n\n<p>&#8211;&gt; Retrouvez le livre &#8221;<em>Il a jamais tu\u00e9 personne, mon papa<\/em>&#8221; \u00e0 la biblioth\u00e8que de l\u2019Alliance Fran\u00e7aise et \u00e0 bient\u00f4t pour un nouveau zoom apprenant !<\/p>\n\n\n\n<p>Rendez-vous sur\u00a0<a href=\"https:\/\/www.culturetheque.com\/NLD\/\">Cultureth\u00e8que<\/a>\u00a0pour \u00e9couter une interview de l&#8217;auteur, Jean-Louis Fournier dans l&#8217;\u00e9mission &#8221;<em>Litt\u00e9rature sans fronti\u00e8re<\/em>&#8221;.\u00a0<\/p>\n\n\n\n<p>Cliquez <a href=\"https:\/\/www.culturetheque.com\/NLD\/search.aspx?SC=DEFAULT&amp;QUERY=jean-louis+fournier&amp;QUERY_LABEL=#\/Detail\/(query:(Id:'0_OFFSET_0',Index:1,NBResults:4,PageRange:3,SearchQuery:(FacetFilter:%7B%7D,ForceSearch:!f,InitialSearch:!f,Page:0,PageRange:3,QueryGuid:c936d55f-c734-460d-aa89-6ac606289289,QueryString:'jean-louis%20fournier',ResultSize:10,ScenarioCode:DEFAULT,ScenarioDisplayMode:display-standard,SearchGridFieldsShownOnResultsDTO:!(),SearchLabel:'',SearchTerms:'jean%20louis%20fournier',SortField:!n,SortOrder:0,TemplateParams:(Scenario:'',Scope:NLD,Size:!n,Source:'',Support:'',UseCompact:!f),UseSpellChecking:!n)))\">ici<\/a> ! <\/p>\n\n\n\n<p>Vous souhaitez cr\u00e9er votre compte CULTURETH\u00c8QUE avec l\u2019Alliance fran\u00e7aise de Rotterdam ? C\u2019est par&nbsp;<a href=\"https:\/\/www.culturetheque.com\/NLD\/register.aspx\">ici&nbsp;<\/a>!<\/p>\n\n\n\n<figure class=\"wp-block-image size-large\"><img decoding=\"async\" src=\"https:\/\/www.alliancerotterdam.nl\/wp-content\/uploads\/sites\/4\/2022\/10\/Culturetheque-768x134-2-560x98.png\" alt=\"\" class=\"wp-image-14625\" \/><\/figure>\n","protected":false},"excerpt":{"rendered":"<p>Il a jamais tu\u00e9 personne, mon papa &#8211; Jean-Louis Fournier, 1999 &#8211;&gt; L&#8217;auteur Jean- Louis Fournier raconte avec son regard d&#8217;enfant son p\u00e8re tr\u00e8s singulier : m\u00e9decin mais aussi alcoolique [&hellip;]<\/p>\n","protected":false},"author":1,"featured_media":14616,"comment_status":"closed","ping_status":"closed","sticky":false,"template":"","format":"standard","meta":{"_et_pb_use_builder":"","_et_pb_old_content":"","_et_gb_content_width":"","footnotes":""},"categories":[516],"tags":[501,506],"class_list":["post-14692","post","type-post","status-publish","format-standard","has-post-thumbnail","hentry","category-non-classifiee-nl","tag-bibliotheque-francophone","tag-le-zoom-apprenant-de-la-bibliotheque"],"_links":{"self":[{"href":"http:\/\/www.alliancerotterdam.nl\/en\/wp-json\/wp\/v2\/posts\/14692","targetHints":{"allow":["GET"]}}],"collection":[{"href":"http:\/\/www.alliancerotterdam.nl\/en\/wp-json\/wp\/v2\/posts"}],"about":[{"href":"http:\/\/www.alliancerotterdam.nl\/en\/wp-json\/wp\/v2\/types\/post"}],"author":[{"embeddable":true,"href":"http:\/\/www.alliancerotterdam.nl\/en\/wp-json\/wp\/v2\/users\/1"}],"replies":[{"embeddable":true,"href":"http:\/\/www.alliancerotterdam.nl\/en\/wp-json\/wp\/v2\/comments?post=14692"}],"version-history":[{"count":1,"href":"http:\/\/www.alliancerotterdam.nl\/en\/wp-json\/wp\/v2\/posts\/14692\/revisions"}],"predecessor-version":[{"id":28542,"href":"http:\/\/www.alliancerotterdam.nl\/en\/wp-json\/wp\/v2\/posts\/14692\/revisions\/28542"}],"wp:featuredmedia":[{"embeddable":true,"href":"http:\/\/www.alliancerotterdam.nl\/en\/wp-json\/wp\/v2\/media\/14616"}],"wp:attachment":[{"href":"http:\/\/www.alliancerotterdam.nl\/en\/wp-json\/wp\/v2\/media?parent=14692"}],"wp:term":[{"taxonomy":"category","embeddable":true,"href":"http:\/\/www.alliancerotterdam.nl\/en\/wp-json\/wp\/v2\/categories?post=14692"},{"taxonomy":"post_tag","embeddable":true,"href":"http:\/\/www.alliancerotterdam.nl\/en\/wp-json\/wp\/v2\/tags?post=14692"}],"curies":[{"name":"wp","href":"https:\/\/api.w.org\/{rel}","templated":true}]}}